{"id":6026,"global_id":"www.amigbrasil.org.br\/de_DE?id=6026","global_id_lineage":["www.amigbrasil.org.br\/de_DE?id=6026"],"author":"1","status":"publish","date":"2021-07-26 12:12:07","date_utc":"2021-07-26 12:12:07","modified":"2021-07-26 12:12:07","modified_utc":"2021-07-26 12:12:07","url":"https:\/\/www.amigbrasil.org.br\/de_DE\/event\/congresso-nacional-da-feccab-2021\/","rest_url":"https:\/\/www.amigbrasil.org.br\/de_DE\/wp-json\/tribe\/events\/v1\/events\/6026","title":"Congresso Nacional da FECCAB 2021","description":"<p>Programa\u00e7\u00e3o e inscri\u00e7\u00e3o gratuita at\u00e9 25\/07 em https:\/\/www.culturaalema.com.br\/congresso<\/p>","excerpt":"","slug":"congresso-nacional-da-feccab-2021","image":{"url":"https:\/\/www.amigbrasil.org.br\/wp-content\/uploads\/2021\/07\/WhatsApp-Image-2021-07-24-at-07.12.09.jpeg","id":6027,"extension":"jpeg","width":362,"height":362,"sizes":{"medium":{"width":300,"height":300,"mime-type":"image\/jpeg","url":"https:\/\/www.amigbrasil.org.br\/wp-content\/uploads\/2021\/07\/WhatsApp-Image-2021-07-24-at-07.12.09-300x300.jpeg"},"thumbnail":{"width":150,"height":150,"mime-type":"image\/jpeg","url":"https:\/\/www.amigbrasil.org.br\/wp-content\/uploads\/2021\/07\/WhatsApp-Image-2021-07-24-at-07.12.09-150x150.jpeg"},"post-thumbnail":{"width":146,"height":146,"mime-type":"image\/jpeg","url":"https:\/\/www.amigbrasil.org.br\/wp-content\/uploads\/2021\/07\/WhatsApp-Image-2021-07-24-at-07.12.09-146x146.jpeg"},"50x50":{"width":50,"height":50,"mime-type":"image\/jpeg","url":"https:\/\/www.amigbrasil.org.br\/wp-content\/uploads\/2021\/07\/WhatsApp-Image-2021-07-24-at-07.12.09-50x50.jpeg"},"clients-slider":{"width":75,"height":75,"mime-type":"image\/jpeg","url":"https:\/\/www.amigbrasil.org.br\/wp-content\/uploads\/2021\/07\/WhatsApp-Image-2021-07-24-at-07.12.09-75x75.jpeg"},"testimonials":{"width":85,"height":85,"mime-type":"image\/jpeg","url":"https:\/\/www.amigbrasil.org.br\/wp-content\/uploads\/2021\/07\/WhatsApp-Image-2021-07-24-at-07.12.09-85x85.jpeg"},"blog-navi":{"width":80,"height":80,"mime-type":"image\/jpeg","url":"https:\/\/www.amigbrasil.org.br\/wp-content\/uploads\/2021\/07\/WhatsApp-Image-2021-07-24-at-07.12.09-80x80.jpeg"}}},"all_day":true,"start_date":"2021-07-30 00:00:00","start_date_details":{"year":"2021","month":"07","day":"30","hour":"00","minutes":"00","seconds":"00"},"end_date":"2021-08-01 23:59:59","end_date_details":{"year":"2021","month":"08","day":"01","hour":"23","minutes":"59","seconds":"59"},"utc_start_date":"2021-07-30 00:00:00","utc_start_date_details":{"year":"2021","month":"07","day":"30","hour":"00","minutes":"00","seconds":"00"},"utc_end_date":"2021-08-01 23:59:59","utc_end_date_details":{"year":"2021","month":"08","day":"01","hour":"23","minutes":"59","seconds":"59"},"timezone":"UTC+0","timezone_abbr":"UTC+0","cost":"","cost_details":{"currency_symbol":"","currency_position":"prefix","values":[]},"website":"","show_map":true,"show_map_link":true,"hide_from_listings":false,"sticky":false,"featured":false,"categories":[],"tags":[],"venue":[],"organizer":[],"json_ld":{"@context":"http:\/\/schema.org","@type":"Event","name":"Congresso Nacional da FECCAB 2021","description":"&lt;p&gt;Programa\u00e7\u00e3o e inscri\u00e7\u00e3o gratuita at\u00e9 25\/07 em https:\/\/www.culturaalema.com.br\/congresso&lt;\/p&gt;\\n","image":"https:\/\/www.amigbrasil.org.br\/wp-content\/uploads\/2021\/07\/WhatsApp-Image-2021-07-24-at-07.12.09.jpeg","url":"https:\/\/www.amigbrasil.org.br\/de_DE\/event\/congresso-nacional-da-feccab-2021\/","startDate":"2021-07-30T00:00:00+00:00","endDate":"2021-08-01T23:59:59+00:00","performer":"Organization"}}