{"id":6096,"global_id":"www.amigbrasil.org.br\/de_DE?id=6096","global_id_lineage":["www.amigbrasil.org.br\/de_DE?id=6096"],"author":"1","status":"publish","date":"2024-07-18 23:18:22","date_utc":"2024-07-18 23:18:22","modified":"2024-07-18 23:25:30","modified_utc":"2024-07-18 23:25:30","url":"https:\/\/www.amigbrasil.org.br\/de_DE\/event\/homenagem-da-comunidade-cultural-alema-de-curitiba-ao-bicenario-da-imigracao-alema-no-brasil-1824-2024\/","rest_url":"https:\/\/www.amigbrasil.org.br\/de_DE\/wp-json\/tribe\/events\/v1\/events\/6096","title":"HOMENAGEM DA COMUNIDADE CULTURAL ALEM\u00c3 DE CURITIBA AO BICEN\u00c1RIO DA IMIGRA\u00c7\u00c3O ALEM\u00c3 NO BRASIL 1824-2024.","description":"<p><img loading=\"lazy\" class=\"alignnone size-medium wp-image-6098\" src=\"https:\/\/www.amigbrasil.org.br\/wp-content\/uploads\/2024\/07\/WhatsApp-Image-2024-07-18-at-14.47.35-300x300.jpeg\" alt=\"\" width=\"300\" height=\"300\" srcset=\"https:\/\/www.amigbrasil.org.br\/wp-content\/uploads\/2024\/07\/WhatsApp-Image-2024-07-18-at-14.47.35-300x300.jpeg 300w, https:\/\/www.amigbrasil.org.br\/wp-content\/uploads\/2024\/07\/WhatsApp-Image-2024-07-18-at-14.47.35-1024x1024.jpeg 1024w, https:\/\/www.amigbrasil.org.br\/wp-content\/uploads\/2024\/07\/WhatsApp-Image-2024-07-18-at-14.47.35-150x150.jpeg 150w, https:\/\/www.amigbrasil.org.br\/wp-content\/uploads\/2024\/07\/WhatsApp-Image-2024-07-18-at-14.47.35-768x768.jpeg 768w, https:\/\/www.amigbrasil.org.br\/wp-content\/uploads\/2024\/07\/WhatsApp-Image-2024-07-18-at-14.47.35-1536x1536.jpeg 1536w, https:\/\/www.amigbrasil.org.br\/wp-content\/uploads\/2024\/07\/WhatsApp-Image-2024-07-18-at-14.47.35-2048x2048.jpeg 2048w, https:\/\/www.amigbrasil.org.br\/wp-content\/uploads\/2024\/07\/WhatsApp-Image-2024-07-18-at-14.47.35-146x146.jpeg 146w, https:\/\/www.amigbrasil.org.br\/wp-content\/uploads\/2024\/07\/WhatsApp-Image-2024-07-18-at-14.47.35-50x50.jpeg 50w, https:\/\/www.amigbrasil.org.br\/wp-content\/uploads\/2024\/07\/WhatsApp-Image-2024-07-18-at-14.47.35-75x75.jpeg 75w, https:\/\/www.amigbrasil.org.br\/wp-content\/uploads\/2024\/07\/WhatsApp-Image-2024-07-18-at-14.47.35-85x85.jpeg 85w, https:\/\/www.amigbrasil.org.br\/wp-content\/uploads\/2024\/07\/WhatsApp-Image-2024-07-18-at-14.47.35-80x80.jpeg 80w\" sizes=\"(max-width: 300px) 100vw, 300px\" \/><img loading=\"lazy\" class=\"alignnone size-medium wp-image-6097\" src=\"https:\/\/www.amigbrasil.org.br\/wp-content\/uploads\/2024\/07\/WhatsApp-Image-2024-07-18-at-14.47.35-1-300x300.jpeg\" alt=\"\" width=\"300\" height=\"300\" srcset=\"https:\/\/www.amigbrasil.org.br\/wp-content\/uploads\/2024\/07\/WhatsApp-Image-2024-07-18-at-14.47.35-1-300x300.jpeg 300w, https:\/\/www.amigbrasil.org.br\/wp-content\/uploads\/2024\/07\/WhatsApp-Image-2024-07-18-at-14.47.35-1-1024x1024.jpeg 1024w, https:\/\/www.amigbrasil.org.br\/wp-content\/uploads\/2024\/07\/WhatsApp-Image-2024-07-18-at-14.47.35-1-150x150.jpeg 150w, https:\/\/www.amigbrasil.org.br\/wp-content\/uploads\/2024\/07\/WhatsApp-Image-2024-07-18-at-14.47.35-1-768x768.jpeg 768w, https:\/\/www.amigbrasil.org.br\/wp-content\/uploads\/2024\/07\/WhatsApp-Image-2024-07-18-at-14.47.35-1-1536x1536.jpeg 1536w, https:\/\/www.amigbrasil.org.br\/wp-content\/uploads\/2024\/07\/WhatsApp-Image-2024-07-18-at-14.47.35-1-2048x2048.jpeg 2048w, https:\/\/www.amigbrasil.org.br\/wp-content\/uploads\/2024\/07\/WhatsApp-Image-2024-07-18-at-14.47.35-1-146x146.jpeg 146w, https:\/\/www.amigbrasil.org.br\/wp-content\/uploads\/2024\/07\/WhatsApp-Image-2024-07-18-at-14.47.35-1-50x50.jpeg 50w, https:\/\/www.amigbrasil.org.br\/wp-content\/uploads\/2024\/07\/WhatsApp-Image-2024-07-18-at-14.47.35-1-75x75.jpeg 75w, https:\/\/www.amigbrasil.org.br\/wp-content\/uploads\/2024\/07\/WhatsApp-Image-2024-07-18-at-14.47.35-1-85x85.jpeg 85w, https:\/\/www.amigbrasil.org.br\/wp-content\/uploads\/2024\/07\/WhatsApp-Image-2024-07-18-at-14.47.35-1-80x80.jpeg 80w\" sizes=\"(max-width: 300px) 100vw, 300px\" \/>\u00a0\u00a0<img loading=\"lazy\" class=\"alignnone size-medium wp-image-6100\" src=\"https:\/\/www.amigbrasil.org.br\/wp-content\/uploads\/2024\/07\/WhatsApp-Image-2024-07-18-at-14.47.36-300x300.jpeg\" alt=\"\" width=\"300\" height=\"300\" srcset=\"https:\/\/www.amigbrasil.org.br\/wp-content\/uploads\/2024\/07\/WhatsApp-Image-2024-07-18-at-14.47.36-300x300.jpeg 300w, https:\/\/www.amigbrasil.org.br\/wp-content\/uploads\/2024\/07\/WhatsApp-Image-2024-07-18-at-14.47.36-1024x1024.jpeg 1024w, https:\/\/www.amigbrasil.org.br\/wp-content\/uploads\/2024\/07\/WhatsApp-Image-2024-07-18-at-14.47.36-150x150.jpeg 150w, https:\/\/www.amigbrasil.org.br\/wp-content\/uploads\/2024\/07\/WhatsApp-Image-2024-07-18-at-14.47.36-768x768.jpeg 768w, https:\/\/www.amigbrasil.org.br\/wp-content\/uploads\/2024\/07\/WhatsApp-Image-2024-07-18-at-14.47.36-1536x1536.jpeg 1536w, https:\/\/www.amigbrasil.org.br\/wp-content\/uploads\/2024\/07\/WhatsApp-Image-2024-07-18-at-14.47.36-2048x2048.jpeg 2048w, https:\/\/www.amigbrasil.org.br\/wp-content\/uploads\/2024\/07\/WhatsApp-Image-2024-07-18-at-14.47.36-146x146.jpeg 146w, https:\/\/www.amigbrasil.org.br\/wp-content\/uploads\/2024\/07\/WhatsApp-Image-2024-07-18-at-14.47.36-50x50.jpeg 50w, https:\/\/www.amigbrasil.org.br\/wp-content\/uploads\/2024\/07\/WhatsApp-Image-2024-07-18-at-14.47.36-75x75.jpeg 75w, https:\/\/www.amigbrasil.org.br\/wp-content\/uploads\/2024\/07\/WhatsApp-Image-2024-07-18-at-14.47.36-85x85.jpeg 85w, https:\/\/www.amigbrasil.org.br\/wp-content\/uploads\/2024\/07\/WhatsApp-Image-2024-07-18-at-14.47.36-80x80.jpeg 80w\" sizes=\"(max-width: 300px) 100vw, 300px\" \/><img loading=\"lazy\" class=\"alignnone size-medium wp-image-6099\" src=\"https:\/\/www.amigbrasil.org.br\/wp-content\/uploads\/2024\/07\/WhatsApp-Image-2024-07-18-at-14.47.36-1-300x300.jpeg\" alt=\"\" width=\"300\" height=\"300\" srcset=\"https:\/\/www.amigbrasil.org.br\/wp-content\/uploads\/2024\/07\/WhatsApp-Image-2024-07-18-at-14.47.36-1-300x300.jpeg 300w, https:\/\/www.amigbrasil.org.br\/wp-content\/uploads\/2024\/07\/WhatsApp-Image-2024-07-18-at-14.47.36-1-1024x1024.jpeg 1024w, https:\/\/www.amigbrasil.org.br\/wp-content\/uploads\/2024\/07\/WhatsApp-Image-2024-07-18-at-14.47.36-1-150x150.jpeg 150w, https:\/\/www.amigbrasil.org.br\/wp-content\/uploads\/2024\/07\/WhatsApp-Image-2024-07-18-at-14.47.36-1-768x768.jpeg 768w, https:\/\/www.amigbrasil.org.br\/wp-content\/uploads\/2024\/07\/WhatsApp-Image-2024-07-18-at-14.47.36-1-1536x1536.jpeg 1536w, https:\/\/www.amigbrasil.org.br\/wp-content\/uploads\/2024\/07\/WhatsApp-Image-2024-07-18-at-14.47.36-1-2048x2048.jpeg 2048w, https:\/\/www.amigbrasil.org.br\/wp-content\/uploads\/2024\/07\/WhatsApp-Image-2024-07-18-at-14.47.36-1-146x146.jpeg 146w, https:\/\/www.amigbrasil.org.br\/wp-content\/uploads\/2024\/07\/WhatsApp-Image-2024-07-18-at-14.47.36-1-50x50.jpeg 50w, https:\/\/www.amigbrasil.org.br\/wp-content\/uploads\/2024\/07\/WhatsApp-Image-2024-07-18-at-14.47.36-1-75x75.jpeg 75w, https:\/\/www.amigbrasil.org.br\/wp-content\/uploads\/2024\/07\/WhatsApp-Image-2024-07-18-at-14.47.36-1-85x85.jpeg 85w, https:\/\/www.amigbrasil.org.br\/wp-content\/uploads\/2024\/07\/WhatsApp-Image-2024-07-18-at-14.47.36-1-80x80.jpeg 80w\" sizes=\"(max-width: 300px) 100vw, 300px\" \/><\/p>","excerpt":"","slug":"homenagem-da-comunidade-cultural-alema-de-curitiba-ao-bicenario-da-imigracao-alema-no-brasil-1824-2024","image":{"url":"https:\/\/www.amigbrasil.org.br\/wp-content\/uploads\/2024\/07\/WhatsApp-Image-2024-07-18-at-14.47.35.jpeg","id":6098,"extension":"jpeg","width":2560,"height":2560,"sizes":{"medium":{"width":300,"height":300,"mime-type":"image\/jpeg","url":"https:\/\/www.amigbrasil.org.br\/wp-content\/uploads\/2024\/07\/WhatsApp-Image-2024-07-18-at-14.47.35-300x300.jpeg"},"large":{"width":1024,"height":1024,"mime-type":"image\/jpeg","url":"https:\/\/www.amigbrasil.org.br\/wp-content\/uploads\/2024\/07\/WhatsApp-Image-2024-07-18-at-14.47.35-1024x1024.jpeg"},"thumbnail":{"width":150,"height":150,"mime-type":"image\/jpeg","url":"https:\/\/www.amigbrasil.org.br\/wp-content\/uploads\/2024\/07\/WhatsApp-Image-2024-07-18-at-14.47.35-150x150.jpeg"},"medium_large":{"width":768,"height":768,"mime-type":"image\/jpeg","url":"https:\/\/www.amigbrasil.org.br\/wp-content\/uploads\/2024\/07\/WhatsApp-Image-2024-07-18-at-14.47.35-768x768.jpeg"},"1536x1536":{"width":1536,"height":1536,"mime-type":"image\/jpeg","url":"https:\/\/www.amigbrasil.org.br\/wp-content\/uploads\/2024\/07\/WhatsApp-Image-2024-07-18-at-14.47.35-1536x1536.jpeg"},"2048x2048":{"width":2048,"height":2048,"mime-type":"image\/jpeg","url":"https:\/\/www.amigbrasil.org.br\/wp-content\/uploads\/2024\/07\/WhatsApp-Image-2024-07-18-at-14.47.35-2048x2048.jpeg"},"post-thumbnail":{"width":146,"height":146,"mime-type":"image\/jpeg","url":"https:\/\/www.amigbrasil.org.br\/wp-content\/uploads\/2024\/07\/WhatsApp-Image-2024-07-18-at-14.47.35-146x146.jpeg"},"50x50":{"width":50,"height":50,"mime-type":"image\/jpeg","url":"https:\/\/www.amigbrasil.org.br\/wp-content\/uploads\/2024\/07\/WhatsApp-Image-2024-07-18-at-14.47.35-50x50.jpeg"},"clients-slider":{"width":75,"height":75,"mime-type":"image\/jpeg","url":"https:\/\/www.amigbrasil.org.br\/wp-content\/uploads\/2024\/07\/WhatsApp-Image-2024-07-18-at-14.47.35-75x75.jpeg"},"slider-content":{"width":1630,"height":860,"mime-type":"image\/jpeg","url":"https:\/\/www.amigbrasil.org.br\/wp-content\/uploads\/2024\/07\/WhatsApp-Image-2024-07-18-at-14.47.35-1630x860.jpeg"},"testimonials":{"width":85,"height":85,"mime-type":"image\/jpeg","url":"https:\/\/www.amigbrasil.org.br\/wp-content\/uploads\/2024\/07\/WhatsApp-Image-2024-07-18-at-14.47.35-85x85.jpeg"},"blog-navi":{"width":80,"height":80,"mime-type":"image\/jpeg","url":"https:\/\/www.amigbrasil.org.br\/wp-content\/uploads\/2024\/07\/WhatsApp-Image-2024-07-18-at-14.47.35-80x80.jpeg"},"portfolio-mf":{"width":1280,"height":1000,"mime-type":"image\/jpeg","url":"https:\/\/www.amigbrasil.org.br\/wp-content\/uploads\/2024\/07\/WhatsApp-Image-2024-07-18-at-14.47.35-1280x1000.jpeg"},"portfolio-mf-w":{"width":1280,"height":500,"mime-type":"image\/jpeg","url":"https:\/\/www.amigbrasil.org.br\/wp-content\/uploads\/2024\/07\/WhatsApp-Image-2024-07-18-at-14.47.35-1280x500.jpeg"},"portfolio-mf-t":{"width":768,"height":1200,"mime-type":"image\/jpeg","url":"https:\/\/www.amigbrasil.org.br\/wp-content\/uploads\/2024\/07\/WhatsApp-Image-2024-07-18-at-14.47.35-768x1200.jpeg"},"portfolio-list":{"width":1920,"height":750,"mime-type":"image\/jpeg","url":"https:\/\/www.amigbrasil.org.br\/wp-content\/uploads\/2024\/07\/WhatsApp-Image-2024-07-18-at-14.47.35-1920x750.jpeg"},"blog-portfolio":{"width":960,"height":750,"mime-type":"image\/jpeg","url":"https:\/\/www.amigbrasil.org.br\/wp-content\/uploads\/2024\/07\/WhatsApp-Image-2024-07-18-at-14.47.35-960x750.jpeg"},"blog-single":{"width":1200,"height":480,"mime-type":"image\/jpeg","url":"https:\/\/www.amigbrasil.org.br\/wp-content\/uploads\/2024\/07\/WhatsApp-Image-2024-07-18-at-14.47.35-1200x480.jpeg"}}},"all_day":true,"start_date":"2024-07-18 00:00:00","start_date_details":{"year":"2024","month":"07","day":"18","hour":"00","minutes":"00","seconds":"00"},"end_date":"2024-07-20 23:59:59","end_date_details":{"year":"2024","month":"07","day":"20","hour":"23","minutes":"59","seconds":"59"},"utc_start_date":"2024-07-18 00:00:00","utc_start_date_details":{"year":"2024","month":"07","day":"18","hour":"00","minutes":"00","seconds":"00"},"utc_end_date":"2024-07-20 23:59:59","utc_end_date_details":{"year":"2024","month":"07","day":"20","hour":"23","minutes":"59","seconds":"59"},"timezone":"UTC+0","timezone_abbr":"UTC+0","cost":"","cost_details":{"currency_symbol":"","currency_position":"prefix","values":[]},"website":"","show_map":true,"show_map_link":true,"hide_from_listings":false,"sticky":true,"featured":true,"categories":[],"tags":[],"venue":[],"organizer":[],"json_ld":{"@context":"http:\/\/schema.org","@type":"Event","name":"HOMENAGEM DA COMUNIDADE CULTURAL ALEM\u00c3 DE CURITIBA AO BICEN\u00c1RIO DA IMIGRA\u00c7\u00c3O ALEM\u00c3 NO BRASIL 1824-2024.","description":"&lt;p&gt;\u00a0\u00a0&lt;\/p&gt;\\n","image":"https:\/\/www.amigbrasil.org.br\/wp-content\/uploads\/2024\/07\/WhatsApp-Image-2024-07-18-at-14.47.35.jpeg","url":"https:\/\/www.amigbrasil.org.br\/de_DE\/event\/homenagem-da-comunidade-cultural-alema-de-curitiba-ao-bicenario-da-imigracao-alema-no-brasil-1824-2024\/","startDate":"2024-07-18T00:00:00+00:00","endDate":"2024-07-20T23:59:59+00:00","performer":"Organization"}}