{"id":1035,"date":"2018-11-26T18:51:12","date_gmt":"2018-11-26T18:51:12","guid":{"rendered":"https:\/\/www.amigbrasil.org.br\/?p=1035"},"modified":"2018-11-29T09:40:30","modified_gmt":"2018-11-29T09:40:30","slug":"pura-cerveja-ha-500-anos-o-decreto-bavaro-de-1516","status":"publish","type":"post","link":"https:\/\/www.amigbrasil.org.br\/de_DE\/pura-cerveja-ha-500-anos-o-decreto-bavaro-de-1516\/","title":{"rendered":"PURA CERVEJA H\u00c1 500 ANOS - O DECRETO B\u00c1VARO DE 1516"},"content":{"rendered":"<p><strong>Vortrag von Meister Cervejeiro Otto Siegfried Dummer und Forscher Romeu R\u00f6ssler Telma am 9. September 2016 w\u00e4hrend des &#8220;Oktoberfest Curitiba 2016&#8221;<\/strong><\/p>\n<p>Das f\u00fcr das gesamte bayerische Hoheitsgebiet geltende Dekret wurde am 23. April 1516 von den Herz\u00f6gen Guilherme IV. Und Ludwig X. in Ingolstadt, Bayern, erlassen: &#8220;Wir haben auf ganz besondere Weise festgestellt, da\u00df von nun an keiner von uns In St\u00e4dten, M\u00e4rkten und auch auf dem Feld werden zur Herstellung von Bieren aller Art andere Komponenten au\u00dfer Gerste, Hopfen und Wasser verwendet und verbraucht.<\/p>\n","protected":false},"excerpt":{"rendered":"<p>&#8230;<\/p>\n","protected":false},"author":1,"featured_media":1040,"comment_status":"open","ping_status":"open","sticky":false,"template":"","format":"standard","meta":[],"categories":[7],"tags":[],"_links":{"self":[{"href":"https:\/\/www.amigbrasil.org.br\/de_DE\/wp-json\/wp\/v2\/posts\/1035"}],"collection":[{"href":"https:\/\/www.amigbrasil.org.br\/de_DE\/wp-json\/wp\/v2\/posts"}],"about":[{"href":"https:\/\/www.amigbrasil.org.br\/de_DE\/wp-json\/wp\/v2\/types\/post"}],"author":[{"embeddable":true,"href":"https:\/\/www.amigbrasil.org.br\/de_DE\/wp-json\/wp\/v2\/users\/1"}],"replies":[{"embeddable":true,"href":"https:\/\/www.amigbrasil.org.br\/de_DE\/wp-json\/wp\/v2\/comments?post=1035"}],"version-history":[{"count":5,"href":"https:\/\/www.amigbrasil.org.br\/de_DE\/wp-json\/wp\/v2\/posts\/1035\/revisions"}],"predecessor-version":[{"id":1037,"href":"https:\/\/www.amigbrasil.org.br\/de_DE\/wp-json\/wp\/v2\/posts\/1035\/revisions\/1037"}],"wp:featuredmedia":[{"embeddable":true,"href":"https:\/\/www.amigbrasil.org.br\/de_DE\/wp-json\/wp\/v2\/media\/1040"}],"wp:attachment":[{"href":"https:\/\/www.amigbrasil.org.br\/de_DE\/wp-json\/wp\/v2\/media?parent=1035"}],"wp:term":[{"taxonomy":"category","embeddable":true,"href":"https:\/\/www.amigbrasil.org.br\/de_DE\/wp-json\/wp\/v2\/categories?post=1035"},{"taxonomy":"post_tag","embeddable":true,"href":"https:\/\/www.amigbrasil.org.br\/de_DE\/wp-json\/wp\/v2\/tags?post=1035"}],"curies":[{"name":"wp","href":"https:\/\/api.w.org\/{rel}","templated":true}]}}