{"id":5955,"date":"2020-10-13T15:18:40","date_gmt":"2020-10-13T15:18:40","guid":{"rendered":"https:\/\/www.amigbrasil.org.br\/?p=5955"},"modified":"2020-10-13T15:18:40","modified_gmt":"2020-10-13T15:18:40","slug":"a-imigracao-alema-no-brasil","status":"publish","type":"post","link":"https:\/\/www.amigbrasil.org.br\/de_DE\/a-imigracao-alema-no-brasil\/","title":{"rendered":"A imigra\u00e7\u00e3o alem\u00e3 no Brasil"},"content":{"rendered":"<p>Desde a sua descoberta a hist\u00f3ria do Brasil foi marcada por alem\u00e3es. J\u00e1 no s\u00e9culo 16, ainda do tempo do Brasil Colonial, encontramos os primeiros registros sobre a imigra\u00e7\u00e3o alem\u00e3. Resumindo, pode se afirmar que a contribui\u00e7\u00e3o dos alem\u00e3es na coloniza\u00e7\u00e3o e forma\u00e7\u00e3o da sociedade brasileira, foi marcante e caracter\u00edstica&#8230;<\/p>\n<p>&nbsp;<\/p>\n<!-- WP Attachments -->\r\n        <div style=\"width:100%;margin:10px 0 10px 0;\">\r\n            <h3>Anexos<\/h3>\r\n        <ul class=\"post-attachments\"><li class=\"post-attachment mime-application-pdf\"><a href=\"https:\/\/www.amigbrasil.org.br\/wp-content\/uploads\/2020\/10\/70.-Deutsche-Genealogentag.pdf\">70. Deutsche Genealogentag<\/a> <small>(3 MB)<\/small><\/li><li class=\"post-attachment mime-application-pdf\"><a href=\"https:\/\/www.amigbrasil.org.br\/wp-content\/uploads\/2020\/10\/Imigrac\u0327a\u0303o-Alema\u0303op-Portugues.pdf\">Imigrac\u0327a\u0303o Alema\u0303op-Portugues<\/a> <small>(94 kB)<\/small><\/li><\/ul><\/div>","protected":false},"excerpt":{"rendered":"<p>&#8230;<\/p>\n","protected":false},"author":1,"featured_media":5956,"comment_status":"open","ping_status":"open","sticky":false,"template":"","format":"image","meta":[],"categories":[4,7],"tags":[],"_links":{"self":[{"href":"https:\/\/www.amigbrasil.org.br\/de_DE\/wp-json\/wp\/v2\/posts\/5955"}],"collection":[{"href":"https:\/\/www.amigbrasil.org.br\/de_DE\/wp-json\/wp\/v2\/posts"}],"about":[{"href":"https:\/\/www.amigbrasil.org.br\/de_DE\/wp-json\/wp\/v2\/types\/post"}],"author":[{"embeddable":true,"href":"https:\/\/www.amigbrasil.org.br\/de_DE\/wp-json\/wp\/v2\/users\/1"}],"replies":[{"embeddable":true,"href":"https:\/\/www.amigbrasil.org.br\/de_DE\/wp-json\/wp\/v2\/comments?post=5955"}],"version-history":[{"count":1,"href":"https:\/\/www.amigbrasil.org.br\/de_DE\/wp-json\/wp\/v2\/posts\/5955\/revisions"}],"predecessor-version":[{"id":5960,"href":"https:\/\/www.amigbrasil.org.br\/de_DE\/wp-json\/wp\/v2\/posts\/5955\/revisions\/5960"}],"wp:featuredmedia":[{"embeddable":true,"href":"https:\/\/www.amigbrasil.org.br\/de_DE\/wp-json\/wp\/v2\/media\/5956"}],"wp:attachment":[{"href":"https:\/\/www.amigbrasil.org.br\/de_DE\/wp-json\/wp\/v2\/media?parent=5955"}],"wp:term":[{"taxonomy":"category","embeddable":true,"href":"https:\/\/www.amigbrasil.org.br\/de_DE\/wp-json\/wp\/v2\/categories?post=5955"},{"taxonomy":"post_tag","embeddable":true,"href":"https:\/\/www.amigbrasil.org.br\/de_DE\/wp-json\/wp\/v2\/tags?post=5955"}],"curies":[{"name":"wp","href":"https:\/\/api.w.org\/{rel}","templated":true}]}}