{"id":6013,"date":"2021-07-17T14:48:43","date_gmt":"2021-07-17T14:48:43","guid":{"rendered":"https:\/\/www.amigbrasil.org.br\/?p=6013"},"modified":"2021-07-17T15:06:09","modified_gmt":"2021-07-17T15:06:09","slug":"o-congresso-nacional-da-feccab-esta-aberto","status":"publish","type":"post","link":"https:\/\/www.amigbrasil.org.br\/de_DE\/o-congresso-nacional-da-feccab-esta-aberto\/","title":{"rendered":"O Congresso Nacional da FECCAB est\u00e1 aberto"},"content":{"rendered":"<p>O Congresso Nacional da FECCAB est\u00e1 aberto a todos os interessados em cultura alem\u00e3, gratuitamente e com certificado de participa\u00e7\u00e3o. Esteja conosco nestes tr\u00eas dias de bons momentos: 30.07., 31.07. e 01.08.2021, online. <a href=\"http:\/\/www.culturaalema.com.br\/congresso\" target=\"_blank\" rel=\"noopener noreferrer\">www.culturaalema.com.br\/congresso<\/a> . Fa\u00e7a sua inscri\u00e7\u00e3o no formul\u00e1rio: <a href=\"https:\/\/forms.gle\/L3fKyinY3iWWZYfK7\" target=\"_blank\" rel=\"noopener noreferrer\">https:\/\/forms.gle\/L3fKyinY3iWWZYfK7<\/a><\/p>\n<!-- WP Attachments -->\r\n        <div style=\"width:100%;margin:10px 0 10px 0;\">\r\n            <h3>Anexos<\/h3>\r\n        <ul class=\"post-attachments\"><li class=\"post-attachment mime-application-pdf\"><a href=\"https:\/\/www.amigbrasil.org.br\/wp-content\/uploads\/2021\/07\/197-Anos-Atividades-no-Brasil.pdf\">197 Anos Atividades no Brasil<\/a> <small>(4 MB)<\/small><\/li><\/ul><\/div>","protected":false},"excerpt":{"rendered":"<p>&#8230;<\/p>\n","protected":false},"author":1,"featured_media":6018,"comment_status":"open","ping_status":"open","sticky":false,"template":"","format":"standard","meta":[],"categories":[7],"tags":[],"_links":{"self":[{"href":"https:\/\/www.amigbrasil.org.br\/de_DE\/wp-json\/wp\/v2\/posts\/6013"}],"collection":[{"href":"https:\/\/www.amigbrasil.org.br\/de_DE\/wp-json\/wp\/v2\/posts"}],"about":[{"href":"https:\/\/www.amigbrasil.org.br\/de_DE\/wp-json\/wp\/v2\/types\/post"}],"author":[{"embeddable":true,"href":"https:\/\/www.amigbrasil.org.br\/de_DE\/wp-json\/wp\/v2\/users\/1"}],"replies":[{"embeddable":true,"href":"https:\/\/www.amigbrasil.org.br\/de_DE\/wp-json\/wp\/v2\/comments?post=6013"}],"version-history":[{"count":3,"href":"https:\/\/www.amigbrasil.org.br\/de_DE\/wp-json\/wp\/v2\/posts\/6013\/revisions"}],"predecessor-version":[{"id":6024,"href":"https:\/\/www.amigbrasil.org.br\/de_DE\/wp-json\/wp\/v2\/posts\/6013\/revisions\/6024"}],"wp:featuredmedia":[{"embeddable":true,"href":"https:\/\/www.amigbrasil.org.br\/de_DE\/wp-json\/wp\/v2\/media\/6018"}],"wp:attachment":[{"href":"https:\/\/www.amigbrasil.org.br\/de_DE\/wp-json\/wp\/v2\/media?parent=6013"}],"wp:term":[{"taxonomy":"category","embeddable":true,"href":"https:\/\/www.amigbrasil.org.br\/de_DE\/wp-json\/wp\/v2\/categories?post=6013"},{"taxonomy":"post_tag","embeddable":true,"href":"https:\/\/www.amigbrasil.org.br\/de_DE\/wp-json\/wp\/v2\/tags?post=6013"}],"curies":[{"name":"wp","href":"https:\/\/api.w.org\/{rel}","templated":true}]}}