{"id":6069,"date":"2023-09-26T20:49:43","date_gmt":"2023-09-26T20:49:43","guid":{"rendered":"https:\/\/www.amigbrasil.org.br\/?p=6069"},"modified":"2023-09-26T20:51:31","modified_gmt":"2023-09-26T20:51:31","slug":"atlas-historico-de-sao-bento-do-sul","status":"publish","type":"post","link":"https:\/\/www.amigbrasil.org.br\/de_DE\/atlas-historico-de-sao-bento-do-sul\/","title":{"rendered":"ATLAS HIST\u00d3RICO DE S\u00c3O BENTO DO SUL"},"content":{"rendered":"<p>Aconteceu em 21 de setembro de 2023, na c\u00e2mara de vereadores de S\u00e3o Bento do Sul no vizinho estado de Santa Catarina o lan\u00e7amento do livro: ATLAS HIST\u00d3RICO DE S\u00c3O BENTO DO SUL, cujo o autor \u00e9 um t\u00edpico descendente de imigrantes de diferentes pa\u00edses de l\u00edngua alem\u00e3, sendo que seus antepassados emigraram da Baviera, do Tirol, da Bo\u00eamia e da Gal\u00edcia, regi\u00f5es que estavam politicamente englobadas nos imp\u00e9rios alem\u00e3o e austro-h\u00fangaro. Cresceu sob a influ\u00eancia de duas culturas a brasileira e a germ\u00e2nica tanto que at\u00e9 os sete anos de idade somente falava o alem\u00e3o, passando depois a falar o portugu\u00eas a partir da escola prim\u00e1ria. Continuou seus estudos ginasiais e colegiais em col\u00e9gios maristas e concluiu seu segundo grau no Col\u00e9gio Estadual do Paran\u00e1. Bacharelou-se em Administra\u00e7\u00e3o pela UFPR, obteve seu Mestrado em Marketing pela Ball State University em Muncie, Indiana, EUA, e para o orgulho dos seus pais e parentes foi o primeiro dentre os familiares que retornou \u00e0 Alemanha para obter o grau de Doutor (Dr. Rer.Pol) na Universit\u00e4t Mannheim. \u00c9 um grande entusiasta da mem\u00f3ria hist\u00f3rica e cultural e ocupa na AMIG o cargo de Diretor Administrativo.<\/p>\n<p><img loading=\"lazy\" class=\"alignnone size-medium wp-image-6070\" src=\"https:\/\/www.amigbrasil.org.br\/wp-content\/uploads\/2023\/09\/Livro-romeu-2-300x218.jpg\" alt=\"\" width=\"300\" height=\"218\" srcset=\"https:\/\/www.amigbrasil.org.br\/wp-content\/uploads\/2023\/09\/Livro-romeu-2-300x218.jpg 300w, https:\/\/www.amigbrasil.org.br\/wp-content\/uploads\/2023\/09\/Livro-romeu-2-201x146.jpg 201w, https:\/\/www.amigbrasil.org.br\/wp-content\/uploads\/2023\/09\/Livro-romeu-2-50x36.jpg 50w, https:\/\/www.amigbrasil.org.br\/wp-content\/uploads\/2023\/09\/Livro-romeu-2-103x75.jpg 103w, https:\/\/www.amigbrasil.org.br\/wp-content\/uploads\/2023\/09\/Livro-romeu-2.jpg 500w\" sizes=\"(max-width: 300px) 100vw, 300px\" \/> <img loading=\"lazy\" class=\"alignnone size-medium wp-image-6071\" src=\"https:\/\/www.amigbrasil.org.br\/wp-content\/uploads\/2023\/09\/Livro-Romeu-169x300.jpg\" alt=\"\" width=\"169\" height=\"300\" srcset=\"https:\/\/www.amigbrasil.org.br\/wp-content\/uploads\/2023\/09\/Livro-Romeu-169x300.jpg 169w, https:\/\/www.amigbrasil.org.br\/wp-content\/uploads\/2023\/09\/Livro-Romeu-82x146.jpg 82w, https:\/\/www.amigbrasil.org.br\/wp-content\/uploads\/2023\/09\/Livro-Romeu-28x50.jpg 28w, https:\/\/www.amigbrasil.org.br\/wp-content\/uploads\/2023\/09\/Livro-Romeu-42x75.jpg 42w, https:\/\/www.amigbrasil.org.br\/wp-content\/uploads\/2023\/09\/Livro-Romeu.jpg 338w\" sizes=\"(max-width: 169px) 100vw, 169px\" \/><\/p>\n","protected":false},"excerpt":{"rendered":"<p>&#8230;<\/p>\n","protected":false},"author":1,"featured_media":6070,"comment_status":"open","ping_status":"open","sticky":false,"template":"","format":"standard","meta":[],"categories":[7],"tags":[],"_links":{"self":[{"href":"https:\/\/www.amigbrasil.org.br\/de_DE\/wp-json\/wp\/v2\/posts\/6069"}],"collection":[{"href":"https:\/\/www.amigbrasil.org.br\/de_DE\/wp-json\/wp\/v2\/posts"}],"about":[{"href":"https:\/\/www.amigbrasil.org.br\/de_DE\/wp-json\/wp\/v2\/types\/post"}],"author":[{"embeddable":true,"href":"https:\/\/www.amigbrasil.org.br\/de_DE\/wp-json\/wp\/v2\/users\/1"}],"replies":[{"embeddable":true,"href":"https:\/\/www.amigbrasil.org.br\/de_DE\/wp-json\/wp\/v2\/comments?post=6069"}],"version-history":[{"count":3,"href":"https:\/\/www.amigbrasil.org.br\/de_DE\/wp-json\/wp\/v2\/posts\/6069\/revisions"}],"predecessor-version":[{"id":6073,"href":"https:\/\/www.amigbrasil.org.br\/de_DE\/wp-json\/wp\/v2\/posts\/6069\/revisions\/6073"}],"wp:featuredmedia":[{"embeddable":true,"href":"https:\/\/www.amigbrasil.org.br\/de_DE\/wp-json\/wp\/v2\/media\/6070"}],"wp:attachment":[{"href":"https:\/\/www.amigbrasil.org.br\/de_DE\/wp-json\/wp\/v2\/media?parent=6069"}],"wp:term":[{"taxonomy":"category","embeddable":true,"href":"https:\/\/www.amigbrasil.org.br\/de_DE\/wp-json\/wp\/v2\/categories?post=6069"},{"taxonomy":"post_tag","embeddable":true,"href":"https:\/\/www.amigbrasil.org.br\/de_DE\/wp-json\/wp\/v2\/tags?post=6069"}],"curies":[{"name":"wp","href":"https:\/\/api.w.org\/{rel}","templated":true}]}}