{"id":6144,"date":"2025-07-18T21:28:14","date_gmt":"2025-07-18T21:28:14","guid":{"rendered":"https:\/\/www.amigbrasil.org.br\/?p=6144"},"modified":"2025-07-18T21:35:56","modified_gmt":"2025-07-18T21:35:56","slug":"celebracao-da-imagracao-alema-em-curitiba-201-anos-da-imigracao-no-brasil","status":"publish","type":"post","link":"https:\/\/www.amigbrasil.org.br\/de_DE\/celebracao-da-imagracao-alema-em-curitiba-201-anos-da-imigracao-no-brasil\/","title":{"rendered":"Celebra\u00e7\u00e3o da Imagra\u00e7\u00e3o Alem\u00e3 em Curitiba 201 Anos da Imigra\u00e7\u00e3o no Brasil"},"content":{"rendered":"<h2>Celebra\u00e7\u00e3o da Imagra\u00e7\u00e3o Alem\u00e3 em Curitiba<br \/>\n201 Anos da Imigra\u00e7\u00e3o no Brasil<\/h2>\n<p><img loading=\"lazy\" class=\"alignnone size-medium wp-image-6141\" src=\"https:\/\/www.amigbrasil.org.br\/wp-content\/uploads\/2025\/07\/IMG-20250718-WA0010-1-300x300.jpg\" alt=\"\" width=\"300\" height=\"300\" srcset=\"https:\/\/www.amigbrasil.org.br\/wp-content\/uploads\/2025\/07\/IMG-20250718-WA0010-1-300x300.jpg 300w, https:\/\/www.amigbrasil.org.br\/wp-content\/uploads\/2025\/07\/IMG-20250718-WA0010-1-1024x1024.jpg 1024w, https:\/\/www.amigbrasil.org.br\/wp-content\/uploads\/2025\/07\/IMG-20250718-WA0010-1-150x150.jpg 150w, https:\/\/www.amigbrasil.org.br\/wp-content\/uploads\/2025\/07\/IMG-20250718-WA0010-1-768x768.jpg 768w, https:\/\/www.amigbrasil.org.br\/wp-content\/uploads\/2025\/07\/IMG-20250718-WA0010-1-146x146.jpg 146w, https:\/\/www.amigbrasil.org.br\/wp-content\/uploads\/2025\/07\/IMG-20250718-WA0010-1-50x50.jpg 50w, https:\/\/www.amigbrasil.org.br\/wp-content\/uploads\/2025\/07\/IMG-20250718-WA0010-1-75x75.jpg 75w, https:\/\/www.amigbrasil.org.br\/wp-content\/uploads\/2025\/07\/IMG-20250718-WA0010-1-85x85.jpg 85w, https:\/\/www.amigbrasil.org.br\/wp-content\/uploads\/2025\/07\/IMG-20250718-WA0010-1-80x80.jpg 80w, https:\/\/www.amigbrasil.org.br\/wp-content\/uploads\/2025\/07\/IMG-20250718-WA0010-1.jpg 1280w\" sizes=\"(max-width: 300px) 100vw, 300px\" \/> <img loading=\"lazy\" class=\"alignnone size-medium wp-image-6140\" src=\"https:\/\/www.amigbrasil.org.br\/wp-content\/uploads\/2025\/07\/IMG-20250718-WA0005-1-300x300.jpg\" alt=\"\" width=\"300\" height=\"300\" srcset=\"https:\/\/www.amigbrasil.org.br\/wp-content\/uploads\/2025\/07\/IMG-20250718-WA0005-1-300x300.jpg 300w, https:\/\/www.amigbrasil.org.br\/wp-content\/uploads\/2025\/07\/IMG-20250718-WA0005-1-1024x1024.jpg 1024w, https:\/\/www.amigbrasil.org.br\/wp-content\/uploads\/2025\/07\/IMG-20250718-WA0005-1-150x150.jpg 150w, https:\/\/www.amigbrasil.org.br\/wp-content\/uploads\/2025\/07\/IMG-20250718-WA0005-1-768x768.jpg 768w, https:\/\/www.amigbrasil.org.br\/wp-content\/uploads\/2025\/07\/IMG-20250718-WA0005-1-146x146.jpg 146w, https:\/\/www.amigbrasil.org.br\/wp-content\/uploads\/2025\/07\/IMG-20250718-WA0005-1-50x50.jpg 50w, https:\/\/www.amigbrasil.org.br\/wp-content\/uploads\/2025\/07\/IMG-20250718-WA0005-1-75x75.jpg 75w, https:\/\/www.amigbrasil.org.br\/wp-content\/uploads\/2025\/07\/IMG-20250718-WA0005-1-85x85.jpg 85w, https:\/\/www.amigbrasil.org.br\/wp-content\/uploads\/2025\/07\/IMG-20250718-WA0005-1-80x80.jpg 80w, https:\/\/www.amigbrasil.org.br\/wp-content\/uploads\/2025\/07\/IMG-20250718-WA0005-1.jpg 1280w\" sizes=\"(max-width: 300px) 100vw, 300px\" \/> <img loading=\"lazy\" class=\"alignnone size-medium wp-image-6134\" src=\"https:\/\/www.amigbrasil.org.br\/wp-content\/uploads\/2025\/07\/IMG-20250718-WA0003-300x300.jpg\" alt=\"\" width=\"300\" height=\"300\" srcset=\"https:\/\/www.amigbrasil.org.br\/wp-content\/uploads\/2025\/07\/IMG-20250718-WA0003-300x300.jpg 300w, https:\/\/www.amigbrasil.org.br\/wp-content\/uploads\/2025\/07\/IMG-20250718-WA0003-1024x1024.jpg 1024w, https:\/\/www.amigbrasil.org.br\/wp-content\/uploads\/2025\/07\/IMG-20250718-WA0003-150x150.jpg 150w, https:\/\/www.amigbrasil.org.br\/wp-content\/uploads\/2025\/07\/IMG-20250718-WA0003-768x768.jpg 768w, https:\/\/www.amigbrasil.org.br\/wp-content\/uploads\/2025\/07\/IMG-20250718-WA0003-146x146.jpg 146w, https:\/\/www.amigbrasil.org.br\/wp-content\/uploads\/2025\/07\/IMG-20250718-WA0003-50x50.jpg 50w, https:\/\/www.amigbrasil.org.br\/wp-content\/uploads\/2025\/07\/IMG-20250718-WA0003-75x75.jpg 75w, https:\/\/www.amigbrasil.org.br\/wp-content\/uploads\/2025\/07\/IMG-20250718-WA0003-85x85.jpg 85w, https:\/\/www.amigbrasil.org.br\/wp-content\/uploads\/2025\/07\/IMG-20250718-WA0003-80x80.jpg 80w, https:\/\/www.amigbrasil.org.br\/wp-content\/uploads\/2025\/07\/IMG-20250718-WA0003.jpg 1280w\" sizes=\"(max-width: 300px) 100vw, 300px\" \/><\/p>\n","protected":false},"excerpt":{"rendered":"<p>&#8230;<\/p>\n","protected":false},"author":1,"featured_media":6148,"comment_status":"open","ping_status":"open","sticky":false,"template":"","format":"standard","meta":[],"categories":[7],"tags":[],"_links":{"self":[{"href":"https:\/\/www.amigbrasil.org.br\/de_DE\/wp-json\/wp\/v2\/posts\/6144"}],"collection":[{"href":"https:\/\/www.amigbrasil.org.br\/de_DE\/wp-json\/wp\/v2\/posts"}],"about":[{"href":"https:\/\/www.amigbrasil.org.br\/de_DE\/wp-json\/wp\/v2\/types\/post"}],"author":[{"embeddable":true,"href":"https:\/\/www.amigbrasil.org.br\/de_DE\/wp-json\/wp\/v2\/users\/1"}],"replies":[{"embeddable":true,"href":"https:\/\/www.amigbrasil.org.br\/de_DE\/wp-json\/wp\/v2\/comments?post=6144"}],"version-history":[{"count":4,"href":"https:\/\/www.amigbrasil.org.br\/de_DE\/wp-json\/wp\/v2\/posts\/6144\/revisions"}],"predecessor-version":[{"id":6150,"href":"https:\/\/www.amigbrasil.org.br\/de_DE\/wp-json\/wp\/v2\/posts\/6144\/revisions\/6150"}],"wp:featuredmedia":[{"embeddable":true,"href":"https:\/\/www.amigbrasil.org.br\/de_DE\/wp-json\/wp\/v2\/media\/6148"}],"wp:attachment":[{"href":"https:\/\/www.amigbrasil.org.br\/de_DE\/wp-json\/wp\/v2\/media?parent=6144"}],"wp:term":[{"taxonomy":"category","embeddable":true,"href":"https:\/\/www.amigbrasil.org.br\/de_DE\/wp-json\/wp\/v2\/categories?post=6144"},{"taxonomy":"post_tag","embeddable":true,"href":"https:\/\/www.amigbrasil.org.br\/de_DE\/wp-json\/wp\/v2\/tags?post=6144"}],"curies":[{"name":"wp","href":"https:\/\/api.w.org\/{rel}","templated":true}]}}